{"id":848,"date":"2021-11-01T18:33:56","date_gmt":"2021-11-01T17:33:56","guid":{"rendered":"https:\/\/studiofrus.archibuzz.tech\/nulle-la-clause-de-la-ccnl-qui-renvoie-a-linvestiture-formelle-de-lemployeur-lattribution-de-la-qualification-de-gestionnaire\/"},"modified":"2021-11-04T14:43:49","modified_gmt":"2021-11-04T13:43:49","slug":"nulle-la-clause-de-la-ccnl-qui-renvoie-a-linvestiture-formelle-de-lemployeur-lattribution-de-la-qualification-de-gestionnaire","status":"publish","type":"post","link":"https:\/\/www.fruseassociati.it\/fr\/nulle-la-clause-de-la-ccnl-qui-renvoie-a-linvestiture-formelle-de-lemployeur-lattribution-de-la-qualification-de-gestionnaire\/","title":{"rendered":"NULLE LA CLAUSE DE LA CCNL QUI RENVOIE \u00c0 L\u2019INVESTITURE FORMELLE DE L&rsquo;EMPLOYEUR L&rsquo;ATTRIBUTION DE LA QUALIFICATION DE GESTIONNAIRE."},"content":{"rendered":"<p>M\u00eame en ce qui concerne  la qualification de dirigeant, le droit du salari\u00e9 \u00e0 se voir attribuer la m\u00eame qualification, du fait de l&rsquo;exercice effectif des fonctions y aff\u00e9rentes, ne peut \u00eatre exclu de la clause contractuelle qui pr\u00e9voit \u00e0 cet \u00e9gard la n\u00e9cessit\u00e9 d&rsquo;une reconnaissance formelle par l&#8217;employeur du travail, compte tenu de la nullit\u00e9 d&rsquo;un tel accord. Ainsi a statu\u00e9 la Cour de Cassation, avec la sentence r\u00e9dig\u00e9e par la Section du travail no. 20805 en date du 14 octobre 2016.<\/p>\n","protected":false},"excerpt":{"rendered":"<p>M\u00eame en ce qui concerne la qualification de dirigeant, le droit du salari\u00e9 \u00e0 se voir attribuer la m\u00eame qualification, du fait de l&rsquo;exercice effectif des fonctions y aff\u00e9rentes, ne peut \u00eatre exclu de la clause contractuelle qui pr\u00e9voit \u00e0 cet \u00e9gard la n\u00e9cessit\u00e9 d&rsquo;une reconnaissance formelle par l&#8217;employeur du travail, compte tenu de la [&hellip;]<\/p>\n","protected":false},"author":5,"featured_media":0,"comment_status":"closed","ping_status":"closed","sticky":false,"template":"","format":"standard","meta":{"footnotes":""},"categories":[4],"tags":[],"class_list":["post-848","post","type-post","status-publish","format-standard","hentry","category-non-classifiee"],"yoast_head":"<!-- This site is optimized with the Yoast SEO plugin v27.4 - https:\/\/yoast.com\/product\/yoast-seo-wordpress\/ -->\n<title>NULLE LA CLAUSE DE LA CCNL QUI RENVOIE \u00c0 L\u2019INVESTITURE FORMELLE DE L&#039;EMPLOYEUR L&#039;ATTRIBUTION DE LA QUALIFICATION DE GESTIONNAIRE. - Studio Legale Frus<\/title>\n<meta name=\"robots\" content=\"index, follow, max-snippet:-1, max-image-preview:large, max-video-preview:-1\" \/>\n<link rel=\"canonical\" href=\"https:\/\/www.fruseassociati.it\/fr\/nulle-la-clause-de-la-ccnl-qui-renvoie-a-linvestiture-formelle-de-lemployeur-lattribution-de-la-qualification-de-gestionnaire\/\" \/>\n<meta property=\"og:locale\" content=\"fr_FR\" \/>\n<meta property=\"og:type\" content=\"article\" \/>\n<meta property=\"og:title\" content=\"NULLE LA CLAUSE DE LA CCNL QUI RENVOIE \u00c0 L\u2019INVESTITURE FORMELLE DE L&#039;EMPLOYEUR L&#039;ATTRIBUTION DE LA QUALIFICATION DE GESTIONNAIRE. - Studio Legale Frus\" \/>\n<meta property=\"og:description\" content=\"M\u00eame en ce qui concerne la qualification de dirigeant, le droit du salari\u00e9 \u00e0 se voir attribuer la m\u00eame qualification, du fait de l&rsquo;exercice effectif des fonctions y aff\u00e9rentes, ne peut \u00eatre exclu de la clause contractuelle qui pr\u00e9voit \u00e0 cet \u00e9gard la n\u00e9cessit\u00e9 d&rsquo;une reconnaissance formelle par l&#8217;employeur du travail, compte tenu de la [&hellip;]\" \/>\n<meta property=\"og:url\" content=\"https:\/\/www.fruseassociati.it\/fr\/nulle-la-clause-de-la-ccnl-qui-renvoie-a-linvestiture-formelle-de-lemployeur-lattribution-de-la-qualification-de-gestionnaire\/\" \/>\n<meta property=\"og:site_name\" content=\"Studio Legale Frus\" \/>\n<meta property=\"article:published_time\" content=\"2021-11-01T17:33:56+00:00\" \/>\n<meta property=\"article:modified_time\" content=\"2021-11-04T13:43:49+00:00\" \/>\n<meta name=\"author\" content=\"marco.frus\" \/>\n<meta name=\"twitter:card\" content=\"summary_large_image\" \/>\n<meta name=\"twitter:label1\" content=\"\u00c9crit par\" \/>\n\t<meta name=\"twitter:data1\" content=\"marco.frus\" \/>\n<script type=\"application\/ld+json\" class=\"yoast-schema-graph\">{\"@context\":\"https:\\\/\\\/schema.org\",\"@graph\":[{\"@type\":\"Article\",\"@id\":\"https:\\\/\\\/www.fruseassociati.it\\\/fr\\\/nulle-la-clause-de-la-ccnl-qui-renvoie-a-linvestiture-formelle-de-lemployeur-lattribution-de-la-qualification-de-gestionnaire\\\/#article\",\"isPartOf\":{\"@id\":\"https:\\\/\\\/www.fruseassociati.it\\\/fr\\\/nulle-la-clause-de-la-ccnl-qui-renvoie-a-linvestiture-formelle-de-lemployeur-lattribution-de-la-qualification-de-gestionnaire\\\/\"},\"author\":{\"name\":\"marco.frus\",\"@id\":\"https:\\\/\\\/www.fruseassociati.it\\\/fr\\\/#\\\/schema\\\/person\\\/3e9d047e7565e97442e3f369a4b5f5df\"},\"headline\":\"NULLE LA CLAUSE DE LA CCNL QUI RENVOIE \u00c0 L\u2019INVESTITURE FORMELLE DE L&rsquo;EMPLOYEUR L&rsquo;ATTRIBUTION DE LA QUALIFICATION DE GESTIONNAIRE.\",\"datePublished\":\"2021-11-01T17:33:56+00:00\",\"dateModified\":\"2021-11-04T13:43:49+00:00\",\"mainEntityOfPage\":{\"@id\":\"https:\\\/\\\/www.fruseassociati.it\\\/fr\\\/nulle-la-clause-de-la-ccnl-qui-renvoie-a-linvestiture-formelle-de-lemployeur-lattribution-de-la-qualification-de-gestionnaire\\\/\"},\"wordCount\":110,\"articleSection\":[\"Non classifi\u00e9(e)\"],\"inLanguage\":\"fr-FR\"},{\"@type\":\"WebPage\",\"@id\":\"https:\\\/\\\/www.fruseassociati.it\\\/fr\\\/nulle-la-clause-de-la-ccnl-qui-renvoie-a-linvestiture-formelle-de-lemployeur-lattribution-de-la-qualification-de-gestionnaire\\\/\",\"url\":\"https:\\\/\\\/www.fruseassociati.it\\\/fr\\\/nulle-la-clause-de-la-ccnl-qui-renvoie-a-linvestiture-formelle-de-lemployeur-lattribution-de-la-qualification-de-gestionnaire\\\/\",\"name\":\"NULLE LA CLAUSE DE LA CCNL QUI RENVOIE \u00c0 L\u2019INVESTITURE FORMELLE DE L'EMPLOYEUR L'ATTRIBUTION DE LA QUALIFICATION DE GESTIONNAIRE. - Studio Legale Frus\",\"isPartOf\":{\"@id\":\"https:\\\/\\\/www.fruseassociati.it\\\/fr\\\/#website\"},\"datePublished\":\"2021-11-01T17:33:56+00:00\",\"dateModified\":\"2021-11-04T13:43:49+00:00\",\"author\":{\"@id\":\"https:\\\/\\\/www.fruseassociati.it\\\/fr\\\/#\\\/schema\\\/person\\\/3e9d047e7565e97442e3f369a4b5f5df\"},\"breadcrumb\":{\"@id\":\"https:\\\/\\\/www.fruseassociati.it\\\/fr\\\/nulle-la-clause-de-la-ccnl-qui-renvoie-a-linvestiture-formelle-de-lemployeur-lattribution-de-la-qualification-de-gestionnaire\\\/#breadcrumb\"},\"inLanguage\":\"fr-FR\",\"potentialAction\":[{\"@type\":\"ReadAction\",\"target\":[\"https:\\\/\\\/www.fruseassociati.it\\\/fr\\\/nulle-la-clause-de-la-ccnl-qui-renvoie-a-linvestiture-formelle-de-lemployeur-lattribution-de-la-qualification-de-gestionnaire\\\/\"]}]},{\"@type\":\"BreadcrumbList\",\"@id\":\"https:\\\/\\\/www.fruseassociati.it\\\/fr\\\/nulle-la-clause-de-la-ccnl-qui-renvoie-a-linvestiture-formelle-de-lemployeur-lattribution-de-la-qualification-de-gestionnaire\\\/#breadcrumb\",\"itemListElement\":[{\"@type\":\"ListItem\",\"position\":1,\"name\":\"Home\",\"item\":\"https:\\\/\\\/www.fruseassociati.it\\\/fr\\\/\"},{\"@type\":\"ListItem\",\"position\":2,\"name\":\"NULLE LA CLAUSE DE LA CCNL QUI RENVOIE \u00c0 L\u2019INVESTITURE FORMELLE DE L&rsquo;EMPLOYEUR L&rsquo;ATTRIBUTION DE LA QUALIFICATION DE GESTIONNAIRE.\"}]},{\"@type\":\"WebSite\",\"@id\":\"https:\\\/\\\/www.fruseassociati.it\\\/fr\\\/#website\",\"url\":\"https:\\\/\\\/www.fruseassociati.it\\\/fr\\\/\",\"name\":\"Studio Legale Frus\",\"description\":\"\",\"potentialAction\":[{\"@type\":\"SearchAction\",\"target\":{\"@type\":\"EntryPoint\",\"urlTemplate\":\"https:\\\/\\\/www.fruseassociati.it\\\/fr\\\/?s={search_term_string}\"},\"query-input\":{\"@type\":\"PropertyValueSpecification\",\"valueRequired\":true,\"valueName\":\"search_term_string\"}}],\"inLanguage\":\"fr-FR\"},{\"@type\":\"Person\",\"@id\":\"https:\\\/\\\/www.fruseassociati.it\\\/fr\\\/#\\\/schema\\\/person\\\/3e9d047e7565e97442e3f369a4b5f5df\",\"name\":\"marco.frus\"}]}<\/script>\n<!-- \/ Yoast SEO plugin. -->","yoast_head_json":{"title":"NULLE LA CLAUSE DE LA CCNL QUI RENVOIE \u00c0 L\u2019INVESTITURE FORMELLE DE L'EMPLOYEUR L'ATTRIBUTION DE LA QUALIFICATION DE GESTIONNAIRE. - Studio Legale Frus","robots":{"index":"index","follow":"follow","max-snippet":"max-snippet:-1","max-image-preview":"max-image-preview:large","max-video-preview":"max-video-preview:-1"},"canonical":"https:\/\/www.fruseassociati.it\/fr\/nulle-la-clause-de-la-ccnl-qui-renvoie-a-linvestiture-formelle-de-lemployeur-lattribution-de-la-qualification-de-gestionnaire\/","og_locale":"fr_FR","og_type":"article","og_title":"NULLE LA CLAUSE DE LA CCNL QUI RENVOIE \u00c0 L\u2019INVESTITURE FORMELLE DE L'EMPLOYEUR L'ATTRIBUTION DE LA QUALIFICATION DE GESTIONNAIRE. - Studio Legale Frus","og_description":"M\u00eame en ce qui concerne la qualification de dirigeant, le droit du salari\u00e9 \u00e0 se voir attribuer la m\u00eame qualification, du fait de l&rsquo;exercice effectif des fonctions y aff\u00e9rentes, ne peut \u00eatre exclu de la clause contractuelle qui pr\u00e9voit \u00e0 cet \u00e9gard la n\u00e9cessit\u00e9 d&rsquo;une reconnaissance formelle par l&#8217;employeur du travail, compte tenu de la [&hellip;]","og_url":"https:\/\/www.fruseassociati.it\/fr\/nulle-la-clause-de-la-ccnl-qui-renvoie-a-linvestiture-formelle-de-lemployeur-lattribution-de-la-qualification-de-gestionnaire\/","og_site_name":"Studio Legale Frus","article_published_time":"2021-11-01T17:33:56+00:00","article_modified_time":"2021-11-04T13:43:49+00:00","author":"marco.frus","twitter_card":"summary_large_image","twitter_misc":{"\u00c9crit par":"marco.frus"},"schema":{"@context":"https:\/\/schema.org","@graph":[{"@type":"Article","@id":"https:\/\/www.fruseassociati.it\/fr\/nulle-la-clause-de-la-ccnl-qui-renvoie-a-linvestiture-formelle-de-lemployeur-lattribution-de-la-qualification-de-gestionnaire\/#article","isPartOf":{"@id":"https:\/\/www.fruseassociati.it\/fr\/nulle-la-clause-de-la-ccnl-qui-renvoie-a-linvestiture-formelle-de-lemployeur-lattribution-de-la-qualification-de-gestionnaire\/"},"author":{"name":"marco.frus","@id":"https:\/\/www.fruseassociati.it\/fr\/#\/schema\/person\/3e9d047e7565e97442e3f369a4b5f5df"},"headline":"NULLE LA CLAUSE DE LA CCNL QUI RENVOIE \u00c0 L\u2019INVESTITURE FORMELLE DE L&rsquo;EMPLOYEUR L&rsquo;ATTRIBUTION DE LA QUALIFICATION DE GESTIONNAIRE.","datePublished":"2021-11-01T17:33:56+00:00","dateModified":"2021-11-04T13:43:49+00:00","mainEntityOfPage":{"@id":"https:\/\/www.fruseassociati.it\/fr\/nulle-la-clause-de-la-ccnl-qui-renvoie-a-linvestiture-formelle-de-lemployeur-lattribution-de-la-qualification-de-gestionnaire\/"},"wordCount":110,"articleSection":["Non classifi\u00e9(e)"],"inLanguage":"fr-FR"},{"@type":"WebPage","@id":"https:\/\/www.fruseassociati.it\/fr\/nulle-la-clause-de-la-ccnl-qui-renvoie-a-linvestiture-formelle-de-lemployeur-lattribution-de-la-qualification-de-gestionnaire\/","url":"https:\/\/www.fruseassociati.it\/fr\/nulle-la-clause-de-la-ccnl-qui-renvoie-a-linvestiture-formelle-de-lemployeur-lattribution-de-la-qualification-de-gestionnaire\/","name":"NULLE LA CLAUSE DE LA CCNL QUI RENVOIE \u00c0 L\u2019INVESTITURE FORMELLE DE L'EMPLOYEUR L'ATTRIBUTION DE LA QUALIFICATION DE GESTIONNAIRE. - Studio Legale Frus","isPartOf":{"@id":"https:\/\/www.fruseassociati.it\/fr\/#website"},"datePublished":"2021-11-01T17:33:56+00:00","dateModified":"2021-11-04T13:43:49+00:00","author":{"@id":"https:\/\/www.fruseassociati.it\/fr\/#\/schema\/person\/3e9d047e7565e97442e3f369a4b5f5df"},"breadcrumb":{"@id":"https:\/\/www.fruseassociati.it\/fr\/nulle-la-clause-de-la-ccnl-qui-renvoie-a-linvestiture-formelle-de-lemployeur-lattribution-de-la-qualification-de-gestionnaire\/#breadcrumb"},"inLanguage":"fr-FR","potentialAction":[{"@type":"ReadAction","target":["https:\/\/www.fruseassociati.it\/fr\/nulle-la-clause-de-la-ccnl-qui-renvoie-a-linvestiture-formelle-de-lemployeur-lattribution-de-la-qualification-de-gestionnaire\/"]}]},{"@type":"BreadcrumbList","@id":"https:\/\/www.fruseassociati.it\/fr\/nulle-la-clause-de-la-ccnl-qui-renvoie-a-linvestiture-formelle-de-lemployeur-lattribution-de-la-qualification-de-gestionnaire\/#breadcrumb","itemListElement":[{"@type":"ListItem","position":1,"name":"Home","item":"https:\/\/www.fruseassociati.it\/fr\/"},{"@type":"ListItem","position":2,"name":"NULLE LA CLAUSE DE LA CCNL QUI RENVOIE \u00c0 L\u2019INVESTITURE FORMELLE DE L&rsquo;EMPLOYEUR L&rsquo;ATTRIBUTION DE LA QUALIFICATION DE GESTIONNAIRE."}]},{"@type":"WebSite","@id":"https:\/\/www.fruseassociati.it\/fr\/#website","url":"https:\/\/www.fruseassociati.it\/fr\/","name":"Studio Legale Frus","description":"","potentialAction":[{"@type":"SearchAction","target":{"@type":"EntryPoint","urlTemplate":"https:\/\/www.fruseassociati.it\/fr\/?s={search_term_string}"},"query-input":{"@type":"PropertyValueSpecification","valueRequired":true,"valueName":"search_term_string"}}],"inLanguage":"fr-FR"},{"@type":"Person","@id":"https:\/\/www.fruseassociati.it\/fr\/#\/schema\/person\/3e9d047e7565e97442e3f369a4b5f5df","name":"marco.frus"}]}},"_links":{"self":[{"href":"https:\/\/www.fruseassociati.it\/fr\/wp-json\/wp\/v2\/posts\/848","targetHints":{"allow":["GET"]}}],"collection":[{"href":"https:\/\/www.fruseassociati.it\/fr\/wp-json\/wp\/v2\/posts"}],"about":[{"href":"https:\/\/www.fruseassociati.it\/fr\/wp-json\/wp\/v2\/types\/post"}],"author":[{"embeddable":true,"href":"https:\/\/www.fruseassociati.it\/fr\/wp-json\/wp\/v2\/users\/5"}],"replies":[{"embeddable":true,"href":"https:\/\/www.fruseassociati.it\/fr\/wp-json\/wp\/v2\/comments?post=848"}],"version-history":[{"count":1,"href":"https:\/\/www.fruseassociati.it\/fr\/wp-json\/wp\/v2\/posts\/848\/revisions"}],"predecessor-version":[{"id":1036,"href":"https:\/\/www.fruseassociati.it\/fr\/wp-json\/wp\/v2\/posts\/848\/revisions\/1036"}],"wp:attachment":[{"href":"https:\/\/www.fruseassociati.it\/fr\/wp-json\/wp\/v2\/media?parent=848"}],"wp:term":[{"taxonomy":"category","embeddable":true,"href":"https:\/\/www.fruseassociati.it\/fr\/wp-json\/wp\/v2\/categories?post=848"},{"taxonomy":"post_tag","embeddable":true,"href":"https:\/\/www.fruseassociati.it\/fr\/wp-json\/wp\/v2\/tags?post=848"}],"curies":[{"name":"wp","href":"https:\/\/api.w.org\/{rel}","templated":true}]}}